{"id":600,"date":"2022-03-10T09:50:24","date_gmt":"2022-03-10T08:50:24","guid":{"rendered":"https:\/\/www.studiocerellochesini.it\/web\/?p=600"},"modified":"2022-03-10T09:55:17","modified_gmt":"2022-03-10T08:55:17","slug":"millumino-di-meno","status":"publish","type":"post","link":"https:\/\/www.studiocerellochesini.it\/web\/millumino-di-meno\/","title":{"rendered":"M&#8217;illumino di meno"},"content":{"rendered":"\n<figure class=\"wp-block-gallery has-nested-images columns-default is-cropped wp-block-gallery-1 is-layout-flex wp-block-gallery-is-layout-flex\">\n<figure class=\"wp-block-image size-large\"><img decoding=\"async\" data-id=\"601\" src=\"https:\/\/www.studiocerellochesini.it\/web\/wp-content\/uploads\/2022\/03\/milluminodimeno2022-169-fra-1024x576.jpg\" alt=\"\" class=\"wp-image-601\"\/><\/figure>\n<\/figure>\n\n\n\n<p class=\"wp-block-paragraph\">Per il decimo anno di fila lo Studio Cerello &amp; Chesini aderisce alla campagna per la sensibilizzazione al risparmio energetico &#8220;M&#8217;Illumino di meno&#8221; promossa da Radio 2.  Scopo di tale campagna  \u00e8 di rendere consapevoli che l&#8217;energia \u00e8 una risorsa preziosa che pu\u00f2 essere utilizzata una volta sola.<\/p>\n\n\n\n<p class=\"wp-block-paragraph\">Sembra una banalit\u00e0 perch\u00e8 siamo abituati a ragionare esclusivamente in termini economici e monetari. Solo perch\u00e8 il costo dell&#8217;energia \u00e8 relativamente basso ci possiamo permettere spesso il lusso di farne un uso sconsiderato (lasciare accese luci dove non servono o l&#8217;aria condizionata o il riscaldamento accesi con le finestre aperte ad esempio), ma l&#8217;energia (elettrica, termica e meccanica) che utilizziamo viene prodotta nella stragrande maggioranza da fonti fossili, pensiamo a quanti milioni di anni (centinaia in realt\u00e0) sono stati impiegati per produrle e noi le consumiamo in poche decadi. <\/p>\n\n\n\n<p class=\"wp-block-paragraph\">In un futuro prossimo quando le fonti rinnovabili avranno plausibilmente  la quota di produzione predominante, il risparmio energetico sar\u00e0 altrettanto importante, per poter avere sempre l&#8217;energia a disposizione di tutti.<\/p>\n\n\n\n<p class=\"wp-block-paragraph\"><strong>Progresso non vuol dire spreco, vuol dire consapevolezza! <\/strong><\/p>\n","protected":false},"excerpt":{"rendered":"<p>Per il decimo anno di fila lo Studio Cerello &amp; Chesini aderisce alla campagna per la sensibilizzazione al risparmio energetico &#8220;M&#8217;Illumino di meno&#8221; promossa da Radio 2. Scopo di tale campagna \u00e8 di rendere consapevoli che l&#8217;energia \u00e8 una risorsa preziosa che pu\u00f2 essere utilizzata una volta sola. Sembra una banalit\u00e0 perch\u00e8 siamo abituati a &hellip; <a href=\"https:\/\/www.studiocerellochesini.it\/web\/millumino-di-meno\/\" class=\"more-link\">Continua la lettura di <span class=\"screen-reader-text\">M&#8217;illumino di meno<\/span> <span class=\"meta-nav\">&rarr;<\/span><\/a><\/p>\n","protected":false},"author":1,"featured_media":0,"comment_status":"open","ping_status":"open","sticky":false,"template":"","format":"standard","meta":{"footnotes":""},"categories":[1],"tags":[4,7,11],"class_list":["post-600","post","type-post","status-publish","format-standard","hentry","category-uncategorized","tag-energia","tag-gas-serra","tag-risparmio-energetico"],"_links":{"self":[{"href":"https:\/\/www.studiocerellochesini.it\/web\/wp-json\/wp\/v2\/posts\/600","targetHints":{"allow":["GET"]}}],"collection":[{"href":"https:\/\/www.studiocerellochesini.it\/web\/wp-json\/wp\/v2\/posts"}],"about":[{"href":"https:\/\/www.studiocerellochesini.it\/web\/wp-json\/wp\/v2\/types\/post"}],"author":[{"embeddable":true,"href":"https:\/\/www.studiocerellochesini.it\/web\/wp-json\/wp\/v2\/users\/1"}],"replies":[{"embeddable":true,"href":"https:\/\/www.studiocerellochesini.it\/web\/wp-json\/wp\/v2\/comments?post=600"}],"version-history":[{"count":6,"href":"https:\/\/www.studiocerellochesini.it\/web\/wp-json\/wp\/v2\/posts\/600\/revisions"}],"predecessor-version":[{"id":607,"href":"https:\/\/www.studiocerellochesini.it\/web\/wp-json\/wp\/v2\/posts\/600\/revisions\/607"}],"wp:attachment":[{"href":"https:\/\/www.studiocerellochesini.it\/web\/wp-json\/wp\/v2\/media?parent=600"}],"wp:term":[{"taxonomy":"category","embeddable":true,"href":"https:\/\/www.studiocerellochesini.it\/web\/wp-json\/wp\/v2\/categories?post=600"},{"taxonomy":"post_tag","embeddable":true,"href":"https:\/\/www.studiocerellochesini.it\/web\/wp-json\/wp\/v2\/tags?post=600"}],"curies":[{"name":"wp","href":"https:\/\/api.w.org\/{rel}","templated":true}]}}