{"id":559,"date":"2022-01-10T11:28:00","date_gmt":"2022-01-10T10:28:00","guid":{"rendered":"https:\/\/www.studiocerellochesini.it\/web\/?p=559"},"modified":"2022-02-24T11:32:25","modified_gmt":"2022-02-24T10:32:25","slug":"muffa-in-casa-cause-e-soluzioni","status":"publish","type":"post","link":"https:\/\/www.studiocerellochesini.it\/web\/muffa-in-casa-cause-e-soluzioni\/","title":{"rendered":"Muffa in casa: cause e soluzioni"},"content":{"rendered":"\n<p class=\"wp-block-paragraph\">Le muffe che si formano negli appartamenti, sono formazioni miceliche (funghi) e come tali attecchiscono con facilit\u00e0 nelle zone pi\u00f9 umide. La loro presenza all&#8217;interno di unit\u00e0 abitative \u00e8 un indice della precaria salubrit\u00e0 oltre ad essere sgradevole dal punto di vista estetico e tale problema deve essere affrontato prontamente prima che diventi di difficile gestione. Se lasciate proliferare cominciano infatti ad invadere qualsiasi cosa possa trattenere, per le sue caratteristiche intrinseche, un po&#8217; di umidit\u00e0: legno dei mobili, tessuti, etc..<\/p>\n\n\n\n<p class=\"wp-block-paragraph\">La prima cosa da fare quando compaiono le muffe \u00e8 capire, in assenza di altre cause come perdite idrauliche, dove esse si verificano:<\/p>\n\n\n\n<ul class=\"wp-block-list\"><li>negli angoli?<\/li><li>vicino alle finestre?<\/li><li>a nord?<\/li><li>dietro ai mobili?<\/li><\/ul>\n\n\n\n<p class=\"wp-block-paragraph\">e se si \u00e8 modificato poco prima della loro comparsa il modo in cui viviamo la casa:<\/p>\n\n\n\n<ul class=\"wp-block-list\"><li>stiamo pi\u00f9 ore in casa?<\/li><li>ci sono pi\u00f9 persone a casa?<\/li><li>provvediamo ad un adeguato ricambio d&#8217;aria?<\/li><\/ul>\n\n\n\n<p class=\"wp-block-paragraph\">Questi appena elencati sono sicuramente degli aspetti fondamentali che spesso vengono purtroppo trascurati o sottovalutati. Basti pensare come la pandemia ci ha costretti questi ultimi due anni a casa per molto pi\u00f9 tempo (smartworking, quarantene, etc.).  <\/p>\n\n\n\n<p class=\"wp-block-paragraph\"><strong>Una semplice formuletta<\/strong> che dovrebbe far suonare un primo campanello d&#8217;allarme \u00e8: <\/p>\n\n\n\n<div class=\"wp-block-cover is-light\" style=\"min-height:73px;aspect-ratio:unset;\"><span aria-hidden=\"true\" class=\"has-background-dim-0 wp-block-cover__gradient-background has-background-dim\"><\/span><img loading=\"lazy\" decoding=\"async\" width=\"474\" height=\"116\" class=\"wp-block-cover__image-background wp-image-563\" alt=\"\" src=\"https:\/\/www.studiocerellochesini.it\/web\/wp-content\/uploads\/2022\/02\/Cattura.jpg\" data-object-fit=\"cover\" srcset=\"https:\/\/www.studiocerellochesini.it\/web\/wp-content\/uploads\/2022\/02\/Cattura.jpg 474w, https:\/\/www.studiocerellochesini.it\/web\/wp-content\/uploads\/2022\/02\/Cattura-300x73.jpg 300w\" sizes=\"auto, (max-width: 474px) 100vw, 474px\" \/><div class=\"wp-block-cover__inner-container is-layout-flow wp-block-cover-is-layout-flow\">\n<p class=\"has-text-align-center has-large-font-size wp-block-paragraph\"><\/p>\n<\/div><\/div>\n\n\n\n<p class=\"wp-block-paragraph\"> Se il risultato \u00e8 inferiore a 2 \u00e8 molto probabile che la casa non riesca a &#8220;digerire&#8221; il vapore che produciamo respirando, cucinando, lavandoci, etc..<\/p>\n\n\n\n<h3 class=\"wp-block-heading\">Un po&#8217; di teoria<\/h3>\n\n\n\n<p class=\"wp-block-paragraph\">L&#8217; acqua \u00e8 presente sempre sottoforma di gas (vapore) o aerosol nell&#8217;aria che respiriamo. Il vapore a differenza di quanto comunemente si pensi, \u00e8 sempre presente dai 0\u00b0C in su, anche se in quantit\u00e0 diverse a seconda delle caratteristiche di temperatura, pressione e umidit\u00e0 dell&#8217;aria stessa.<\/p>\n\n\n\n<p class=\"wp-block-paragraph\">Esiste per\u00f2 una temperatura detta &#8220;di rugiada&#8221; al di sotto della quale l&#8217;acqua presente nell&#8217;aria in forma gassosa ritorna allo stato liquido e tale temperatura dipende da quanto l&#8217;aria \u00e8 prossima alla saturazione di vapore (umidit\u00e0 relativa) e dalla sua temperatura.<\/p>\n\n\n\n<p class=\"wp-block-paragraph\">Le considerazioni da farsi sono a volte pi\u00f9 approfondite di una semplice indagine termografica, ma una fotografia termica come questa risulta abbastanza eloquente:<\/p>\n\n\n\n<div class=\"wp-block-cover is-light\" style=\"min-height:302px;aspect-ratio:unset;\"><span aria-hidden=\"true\" class=\"has-background-dim-0 wp-block-cover__gradient-background has-background-dim\"><\/span><img loading=\"lazy\" decoding=\"async\" width=\"404\" height=\"303\" class=\"wp-block-cover__image-background wp-image-562\" alt=\"\" src=\"https:\/\/www.studiocerellochesini.it\/web\/wp-content\/uploads\/2022\/02\/ponte-termico-parete-1.jpg\" data-object-fit=\"cover\" srcset=\"https:\/\/www.studiocerellochesini.it\/web\/wp-content\/uploads\/2022\/02\/ponte-termico-parete-1.jpg 404w, https:\/\/www.studiocerellochesini.it\/web\/wp-content\/uploads\/2022\/02\/ponte-termico-parete-1-300x225.jpg 300w\" sizes=\"auto, (max-width: 404px) 100vw, 404px\" \/><div class=\"wp-block-cover__inner-container is-layout-flow wp-block-cover-is-layout-flow\">\n<p class=\"has-text-align-center has-large-font-size wp-block-paragraph\"><\/p>\n<\/div><\/div>\n\n\n\n<p class=\"wp-block-paragraph\"> Le zone pi\u00f9 scure di tinta violetta sono zone in cui la temperatura \u00e8 ben al di sotto della temperatura di rugiada ed ecco che il vapore in quelle zone diventa acqua allo stato liquido.<\/p>\n\n\n\n<h3 class=\"wp-block-heading\">Cosa fare?<\/h3>\n\n\n\n<p class=\"wp-block-paragraph\"><strong>La prima cosa<\/strong> \u00e8 sicuramente eliminare la muffa, prodotti a base di ipoclorito di sodio (la comune candeggina)  vanno benissimo. Prendete uno spruzzino e riempitelo con una soluzione al 1% (solitamente basta 1\/3 di candeggina e 2\/3 di acqua), poi spruzzate nelle zone dove la muffa si \u00e8 palesata, i funghi moriranno in poco tempo.<\/p>\n\n\n\n<p class=\"wp-block-paragraph\"><strong>In secondo luogo<\/strong> \u00e8 possibile monitorare l&#8217;umidit\u00e0 ambientale con un semplice igrometro digitale (su un famoso sito di e-commerce sono venduti per pochi euro) e nel caso l&#8217;umidit\u00e0 ambientale diventi superiore a 50-55%, aprire le finestre per un ricambio d&#8217;aria fintanto che l&#8217;umidit\u00e0 non ritorni a livelli accettabili. D&#8217;inverno questo pu\u00f2 comportare un discomfort dovuto all&#8217;abbassamento della temperatura dell&#8217;ambiente oltre all&#8217;evidente spreco di energia. In tal caso la ventilazione controllata con scambio risulta la soluzione ottimale e definitiva per continuare a godere di un ambiente salubre ed efficiente dal punto di vista energetico.<\/p>\n\n\n\n<p class=\"wp-block-paragraph\">Studio Cerello &amp; Chesini \u00a9 2022 <\/p>\n","protected":false},"excerpt":{"rendered":"<p>Le muffe che si formano negli appartamenti, sono formazioni miceliche (funghi) e come tali attecchiscono con facilit\u00e0 nelle zone pi\u00f9 umide. La loro presenza all&#8217;interno di unit\u00e0 abitative \u00e8 un indice della precaria salubrit\u00e0 oltre ad essere sgradevole dal punto di vista estetico e tale problema deve essere affrontato prontamente prima che diventi di difficile &hellip; <a href=\"https:\/\/www.studiocerellochesini.it\/web\/muffa-in-casa-cause-e-soluzioni\/\" class=\"more-link\">Continua la lettura di <span class=\"screen-reader-text\">Muffa in casa: cause e soluzioni<\/span> <span class=\"meta-nav\">&rarr;<\/span><\/a><\/p>\n","protected":false},"author":1,"featured_media":564,"comment_status":"open","ping_status":"open","sticky":false,"template":"","format":"standard","meta":{"footnotes":""},"categories":[1],"tags":[30,73,11,74],"class_list":["post-559","post","type-post","status-publish","format-standard","has-post-thumbnail","hentry","category-uncategorized","tag-casa","tag-muffa","tag-risparmio-energetico","tag-umidita"],"_links":{"self":[{"href":"https:\/\/www.studiocerellochesini.it\/web\/wp-json\/wp\/v2\/posts\/559","targetHints":{"allow":["GET"]}}],"collection":[{"href":"https:\/\/www.studiocerellochesini.it\/web\/wp-json\/wp\/v2\/posts"}],"about":[{"href":"https:\/\/www.studiocerellochesini.it\/web\/wp-json\/wp\/v2\/types\/post"}],"author":[{"embeddable":true,"href":"https:\/\/www.studiocerellochesini.it\/web\/wp-json\/wp\/v2\/users\/1"}],"replies":[{"embeddable":true,"href":"https:\/\/www.studiocerellochesini.it\/web\/wp-json\/wp\/v2\/comments?post=559"}],"version-history":[{"count":6,"href":"https:\/\/www.studiocerellochesini.it\/web\/wp-json\/wp\/v2\/posts\/559\/revisions"}],"predecessor-version":[{"id":577,"href":"https:\/\/www.studiocerellochesini.it\/web\/wp-json\/wp\/v2\/posts\/559\/revisions\/577"}],"wp:featuredmedia":[{"embeddable":true,"href":"https:\/\/www.studiocerellochesini.it\/web\/wp-json\/wp\/v2\/media\/564"}],"wp:attachment":[{"href":"https:\/\/www.studiocerellochesini.it\/web\/wp-json\/wp\/v2\/media?parent=559"}],"wp:term":[{"taxonomy":"category","embeddable":true,"href":"https:\/\/www.studiocerellochesini.it\/web\/wp-json\/wp\/v2\/categories?post=559"},{"taxonomy":"post_tag","embeddable":true,"href":"https:\/\/www.studiocerellochesini.it\/web\/wp-json\/wp\/v2\/tags?post=559"}],"curies":[{"name":"wp","href":"https:\/\/api.w.org\/{rel}","templated":true}]}}