{"id":548,"date":"2021-10-21T11:21:33","date_gmt":"2021-10-21T10:21:33","guid":{"rendered":"https:\/\/www.studiocerellochesini.it\/web\/?p=548"},"modified":"2021-10-22T10:28:53","modified_gmt":"2021-10-22T09:28:53","slug":"le-deleghe-in-assemblea","status":"publish","type":"post","link":"https:\/\/www.studiocerellochesini.it\/web\/le-deleghe-in-assemblea\/","title":{"rendered":"Le deleghe in assemblea"},"content":{"rendered":"\n<div class=\"wp-block-image\"><figure class=\"aligncenter size-full is-resized\"><img loading=\"lazy\" decoding=\"async\" src=\"https:\/\/www.studiocerellochesini.it\/web\/wp-content\/uploads\/2021\/10\/affidarsi-ad-un-commercialista.jpg\" alt=\"\" class=\"wp-image-549\" width=\"569\" height=\"233\"\/><\/figure><\/div>\n\n\n\n<p class=\"wp-block-paragraph\">Capita sovente di non poter garantire la propria presenza all&#8217;assemblea di condominio e la possibilit\u00e0 di affidare a qualcuno il proprio volere decisionale \u00e8 sicuramente un&#8217;opportunit\u00e0 per dare continuit\u00e0 al nostro  interesse nel condominio e in come avviene la sua gestione.<\/p>\n\n\n\n<p class=\"wp-block-paragraph\">Per semplicit\u00e0 abbiamo organizzato in un quadro riassuntivo gli aspetti fondamentali della delega.<\/p>\n\n\n\n<ul class=\"wp-block-list\"><li>la delega pu\u00f2 essere affidata a qualunque soggetto di maggiore et\u00e0 che non sia dichiarato incapace;<\/li><li>la delega deve essere in forma scritta; <\/li><li>la delega pu\u00f2 contenere sia la data nella quale essa risulta valida (in caso contrario potrebbe avere valore temporalmente indefinito), sia le volont\u00e0 di voto, che risultano per\u00f2 di fatto non vincolanti: il delegato pu\u00f2 in quanto tale esprimere preferenze personali;<\/li><li>la delega non pu\u00f2 essere data all&#8217;amministratore del condominio;<\/li><li>il delegato non pu\u00f2 rappresentare un valore complessivo superiore ad un quinto di quello totale e un numero di teste superiore ad un quinto del numero totale di condomini se quest&#8217;ultimo \u00e8 superiore a 20.<\/li><\/ul>\n\n\n\n<p class=\"wp-block-paragraph\">Riguardo questo ultimo punto, la giurisprudenza d\u00e0 una lettura variegata e discordante, difatti alcune sentenze nel merito sono per il tetto del quinto nel computo delle sole parti deleganti, mantenendo sia la caratura millesimale del delegato che la sua &#8220;testa&#8221; indipendente rispetto a quella di quest&#8217;ultimi. Questa interpretazione potrebbe essere sicuramente discutibile ma la sua adozione, vista la letteratura giurisprudenziale , potrebbe essere la scelta pi\u00f9 conservativa.<\/p>\n\n\n\n<p class=\"wp-block-paragraph\">Importante ricordare che per l&#8217;assemblea, inerentemente ad ogni aspetto viziato della delega (o delle deleghe) si determini conseguentemente un vizio di annullabilit\u00e0 (non di nullit\u00e0) per la stessa.<\/p>\n","protected":false},"excerpt":{"rendered":"<p>Capita sovente di non poter garantire la propria presenza all&#8217;assemblea di condominio e la possibilit\u00e0 di affidare a qualcuno il proprio volere decisionale \u00e8 sicuramente un&#8217;opportunit\u00e0 per dare continuit\u00e0 al nostro interesse nel condominio e in come avviene la sua gestione. Per semplicit\u00e0 abbiamo organizzato in un quadro riassuntivo gli aspetti fondamentali della delega. la &hellip; <a href=\"https:\/\/www.studiocerellochesini.it\/web\/le-deleghe-in-assemblea\/\" class=\"more-link\">Continua la lettura di <span class=\"screen-reader-text\">Le deleghe in assemblea<\/span> <span class=\"meta-nav\">&rarr;<\/span><\/a><\/p>\n","protected":false},"author":1,"featured_media":0,"comment_status":"open","ping_status":"open","sticky":false,"template":"","format":"standard","meta":{"footnotes":""},"categories":[1],"tags":[42,2,25,8],"class_list":["post-548","post","type-post","status-publish","format-standard","hentry","category-uncategorized","tag-assemblea","tag-condominio","tag-legge","tag-sentenze"],"_links":{"self":[{"href":"https:\/\/www.studiocerellochesini.it\/web\/wp-json\/wp\/v2\/posts\/548","targetHints":{"allow":["GET"]}}],"collection":[{"href":"https:\/\/www.studiocerellochesini.it\/web\/wp-json\/wp\/v2\/posts"}],"about":[{"href":"https:\/\/www.studiocerellochesini.it\/web\/wp-json\/wp\/v2\/types\/post"}],"author":[{"embeddable":true,"href":"https:\/\/www.studiocerellochesini.it\/web\/wp-json\/wp\/v2\/users\/1"}],"replies":[{"embeddable":true,"href":"https:\/\/www.studiocerellochesini.it\/web\/wp-json\/wp\/v2\/comments?post=548"}],"version-history":[{"count":4,"href":"https:\/\/www.studiocerellochesini.it\/web\/wp-json\/wp\/v2\/posts\/548\/revisions"}],"predecessor-version":[{"id":554,"href":"https:\/\/www.studiocerellochesini.it\/web\/wp-json\/wp\/v2\/posts\/548\/revisions\/554"}],"wp:attachment":[{"href":"https:\/\/www.studiocerellochesini.it\/web\/wp-json\/wp\/v2\/media?parent=548"}],"wp:term":[{"taxonomy":"category","embeddable":true,"href":"https:\/\/www.studiocerellochesini.it\/web\/wp-json\/wp\/v2\/categories?post=548"},{"taxonomy":"post_tag","embeddable":true,"href":"https:\/\/www.studiocerellochesini.it\/web\/wp-json\/wp\/v2\/tags?post=548"}],"curies":[{"name":"wp","href":"https:\/\/api.w.org\/{rel}","templated":true}]}}