{"id":52,"date":"2016-09-14T08:25:22","date_gmt":"2016-09-14T07:25:22","guid":{"rendered":"http:\/\/www.studiocerellochesini.it\/web\/?p=52"},"modified":"2020-05-11T07:55:16","modified_gmt":"2020-05-11T06:55:16","slug":"efficientamento-e-riscaldamento-globale","status":"publish","type":"post","link":"https:\/\/www.studiocerellochesini.it\/web\/efficientamento-e-riscaldamento-globale\/","title":{"rendered":"Efficientamento, comfort e riscaldamento globale"},"content":{"rendered":"<p>Un involucro che disperda il meno possibile \u00e8 la chiave, purtroppo non esiste efficientamento senza aver soddisfatto questo requisito.<br \/>\nSembra una banalit\u00e0, ma gli interventi obbligatori sugli impianti (contabilizzazione) sono per ora un palliativo, che ridurr\u00e0 s\u00ec i consumi e quindi le emissioni di anidride carbonica (uno dei maggiori responsabili del riscaldamento globale) ma lo far\u00e0 costringendo molte persone al freddo con lo spauracchio di un esoso costo a fine bilancio, co<span class=\"text_exposed_show\">sa che non avverrebbe con un buon cappotto e infissi basso-emissivi installati ad arte.<br \/>\nUn importante cambio di mentalit\u00e0 \u00e8 poi necessario. Sappiamo che interventi di efficientamento su edifici pluridecennali sono ammortizzabili, supponendo un costo abbastanza stabile dei combustibili, in non meno di 15 anni. D&#8217;altra parte non \u00e8 lungimirante porre tutto sul piano economico in quanto il surriscaldamento globale sar\u00e0 un problema sempre pi\u00f9 importante e grave da sostenere per le prossime generazioni.<br \/>\nE&#8217; la nostra responsabilit\u00e0 nei confronti del pianeta che ci offre da mangiare e vivere, dei nostri figli e nipoti.<\/span><\/p>\n<blockquote class=\"wp-embedded-content\" data-secret=\"F8bPw086Tr\"><p><a href=\"https:\/\/www.qualenergia.it\/articoli\/20140319-la-casa-energeticamente-indipendente\/\">La casa energeticamente indipendente<\/a><\/p><\/blockquote>\n<p><iframe loading=\"lazy\" class=\"wp-embedded-content\" sandbox=\"allow-scripts\" security=\"restricted\" style=\"position: absolute; clip: rect(1px, 1px, 1px, 1px);\" title=\"&#8220;La casa energeticamente indipendente&#8221; &#8212; QualEnergia.it\" src=\"https:\/\/www.qualenergia.it\/articoli\/20140319-la-casa-energeticamente-indipendente\/embed\/#?secret=J1QfMomLbE#?secret=F8bPw086Tr\" data-secret=\"F8bPw086Tr\" width=\"474\" height=\"267\" frameborder=\"0\" marginwidth=\"0\" marginheight=\"0\" scrolling=\"no\"><\/iframe><\/p>\n","protected":false},"excerpt":{"rendered":"<p>Un involucro che disperda il meno possibile \u00e8 la chiave, purtroppo non esiste efficientamento senza aver soddisfatto questo requisito. Sembra una banalit\u00e0, ma gli interventi obbligatori sugli impianti (contabilizzazione) sono per ora un palliativo, che ridurr\u00e0 s\u00ec i consumi e quindi le emissioni di anidride carbonica (uno dei maggiori responsabili del riscaldamento globale) ma lo &hellip; <a href=\"https:\/\/www.studiocerellochesini.it\/web\/efficientamento-e-riscaldamento-globale\/\" class=\"more-link\">Continua la lettura di <span class=\"screen-reader-text\">Efficientamento, comfort e riscaldamento globale<\/span> <span class=\"meta-nav\">&rarr;<\/span><\/a><\/p>\n","protected":false},"author":1,"featured_media":0,"comment_status":"open","ping_status":"open","sticky":false,"template":"","format":"standard","meta":{"footnotes":""},"categories":[1],"tags":[2,5,4,7],"class_list":["post-52","post","type-post","status-publish","format-standard","hentry","category-uncategorized","tag-condominio","tag-efficienza","tag-energia","tag-gas-serra"],"_links":{"self":[{"href":"https:\/\/www.studiocerellochesini.it\/web\/wp-json\/wp\/v2\/posts\/52","targetHints":{"allow":["GET"]}}],"collection":[{"href":"https:\/\/www.studiocerellochesini.it\/web\/wp-json\/wp\/v2\/posts"}],"about":[{"href":"https:\/\/www.studiocerellochesini.it\/web\/wp-json\/wp\/v2\/types\/post"}],"author":[{"embeddable":true,"href":"https:\/\/www.studiocerellochesini.it\/web\/wp-json\/wp\/v2\/users\/1"}],"replies":[{"embeddable":true,"href":"https:\/\/www.studiocerellochesini.it\/web\/wp-json\/wp\/v2\/comments?post=52"}],"version-history":[{"count":4,"href":"https:\/\/www.studiocerellochesini.it\/web\/wp-json\/wp\/v2\/posts\/52\/revisions"}],"predecessor-version":[{"id":449,"href":"https:\/\/www.studiocerellochesini.it\/web\/wp-json\/wp\/v2\/posts\/52\/revisions\/449"}],"wp:attachment":[{"href":"https:\/\/www.studiocerellochesini.it\/web\/wp-json\/wp\/v2\/media?parent=52"}],"wp:term":[{"taxonomy":"category","embeddable":true,"href":"https:\/\/www.studiocerellochesini.it\/web\/wp-json\/wp\/v2\/categories?post=52"},{"taxonomy":"post_tag","embeddable":true,"href":"https:\/\/www.studiocerellochesini.it\/web\/wp-json\/wp\/v2\/tags?post=52"}],"curies":[{"name":"wp","href":"https:\/\/api.w.org\/{rel}","templated":true}]}}